{"id":885,"date":"2023-04-11T14:12:56","date_gmt":"2023-04-11T14:12:56","guid":{"rendered":"https:\/\/www.son.cz\/?p=885"},"modified":"2023-04-11T14:12:58","modified_gmt":"2023-04-11T14:12:58","slug":"25-rocnik-konference-dynamika-promen-bydleni","status":"publish","type":"post","link":"https:\/\/www.son.cz\/?p=885","title":{"rendered":"25. ro\u010dn\u00edk konference &#8222;Dynamika prom\u011bn bydlen\u00ed&#8220;"},"content":{"rendered":"\n<p>Dne 16. 3. se v Ostrav\u011b uskute\u010dnil ji\u017e 25. ro\u010dn\u00edk konference \u201eDynamika prom\u011bn bydlen\u00ed\u201c, kterou jsme spoluorganizovali a sou\u010dasn\u011b jsme poskytli z\u00e1\u0161titu. Na konferenci, se pravideln\u011b sch\u00e1zej\u00ed odborn\u00edci z r\u016fzn\u00fdch oblast\u00ed zab\u00fdvaj\u00edc\u00ed se bytovou problematikou. I letos tomu nebylo jinak. \u00davodn\u00ed slovo m\u011bl odborn\u00fd garant konference In. Arch. Zden\u011bk Trefil z Fakulty stavebn\u00ed V\u0160B-TU Ostrava, d\u00e1le svoji prezentaci p\u0159edstavili nap\u0159. Ing. Hana Pejpalov\u00e1 ze St\u00e1tn\u00edho fondu podpory investic, Ing. Jakub Hrbek ze St\u00e1tn\u00edho fondu \u017eivotn\u00edho prost\u0159ed\u00ed \u010cR, Ing. Zbyn\u011bk Pra\u017e\u00e1k, Ph.D., n\u00e1m\u011bstek prim\u00e1tora m\u011bsta Ostravy a dal\u0161\u00ed odborn\u00edci a z\u00e1stupci organizac\u00ed, kter\u00e9 se problematikou bydlen\u00ed zab\u00fdvaj\u00ed.<br>Na\u0161i organizaci na konferenci reprezentovala pan\u00ed Mgr. Lenka Vesel\u00e1, advok\u00e1tka a m\u00edstop\u0159edsedkyn\u011b Sdru\u017een\u00ed n\u00e1jemn\u00edk\u016f \u010cR, kter\u00e1 p\u0159edstavila hlavn\u00ed \u010dinnosti na\u0161eho spolku a pohovo\u0159ila o nej\u010dast\u011bj\u0161\u00edch probl\u00e9mech, se kter\u00fdmi se v na\u0161ich poradn\u00e1ch setk\u00e1v\u00e1me. Krom\u011b toho zm\u00ednila fakt, \u017ee dostupnost bydlen\u00ed je v \u010cesk\u00e9 republice jedna z nejhor\u0161\u00edch v Evrop\u011b a upozornila na skute\u010dnost, \u017ee n\u00e1jemn\u00ed bydlen\u00ed nebylo \u017e\u00e1dnou vl\u00e1dou podporov\u00e1no na rozd\u00edl od toho vlastnick\u00e9ho. Bydlet \u201eve vlastn\u00edm\u201c se stalo standardem, na rozd\u00edl od bydlen\u00ed v n\u00e1jmu. Sou\u010dasn\u011b zm\u00ednila probl\u00e9m \u0159et\u011bzen\u00ed smluv na dobu ur\u010ditou, kdy je obrana n\u00e1jemce proti zvy\u0161ov\u00e1n\u00ed n\u00e1jemn\u00e9ho nad r\u00e1mec z\u00e1kona prakticky nulov\u00e1 a nulov\u00e1 je i obrana n\u00e1jemce proti ostatn\u00edm protipr\u00e1vn\u00edm jedn\u00e1n\u00edm pronaj\u00edmatele. Je pot\u0159eba, aby se pos\u00edlila pozice n\u00e1jemc\u016f, kte\u0159\u00ed cht\u011bj\u00ed v bytech bydlet dlouhodob\u011b a aby byla p\u0159ijata z\u00e1vazn\u00e1 cenov\u00e1 mapa n\u00e1jemn\u00e9ho, tak jak tomu je nap\u0159. v N\u011bmecku.<br>V\u0161ichni \u00fa\u010dastn\u00edci na konferenci se shodli na tom, \u017ee sou\u010dasn\u00e1 situace v oblasti dostupnosti bydlen\u00ed nen\u00ed dobr\u00e1 a je t\u0159eba, aby se st\u00e1t v\u00edce zapojil, a to zejm\u00e9na co se t\u00fd\u010de podpory obc\u00ed, kter\u00e1 je v sou\u010dasn\u00e9 dob\u011b nedostate\u010dn\u00e1 a podpory n\u00e1jemn\u00edho bydlen\u00ed obecn\u011b. V tomto ohledu je nutn\u00e9, aby byly p\u0159ijaty i zm\u011bny v legislativ\u011b, kter\u00e9 by situaci zlep\u0161ily.<\/p>\n\n\n\n<p><\/p>\n","protected":false},"excerpt":{"rendered":"<p>Dne 16. 3. se v Ostrav\u011b uskute\u010dnil ji\u017e 25. ro\u010dn\u00edk konference \u201eDynamika prom\u011bn bydlen\u00ed\u201c, kterou jsme spoluorganizovali a sou\u010dasn\u011b jsme poskytli z\u00e1\u0161titu. Na konferenci, se pravideln\u011b sch\u00e1zej\u00ed odborn\u00edci z r\u016fzn\u00fdch oblast\u00ed zab\u00fdvaj\u00edc\u00ed se bytovou problematikou.<\/p>\n","protected":false},"author":4,"featured_media":886,"comment_status":"open","ping_status":"open","sticky":false,"template":"","format":"standard","meta":{"_et_pb_use_builder":"off","_et_pb_old_content":"","_et_gb_content_width":"","inline_featured_image":false,"footnotes":""},"categories":[10],"tags":[],"class_list":["post-885","post","type-post","status-publish","format-standard","has-post-thumbnail","hentry","category-aktuality"],"_links":{"self":[{"href":"https:\/\/www.son.cz\/index.php?rest_route=\/wp\/v2\/posts\/885","targetHints":{"allow":["GET"]}}],"collection":[{"href":"https:\/\/www.son.cz\/index.php?rest_route=\/wp\/v2\/posts"}],"about":[{"href":"https:\/\/www.son.cz\/index.php?rest_route=\/wp\/v2\/types\/post"}],"author":[{"embeddable":true,"href":"https:\/\/www.son.cz\/index.php?rest_route=\/wp\/v2\/users\/4"}],"replies":[{"embeddable":true,"href":"https:\/\/www.son.cz\/index.php?rest_route=%2Fwp%2Fv2%2Fcomments&post=885"}],"version-history":[{"count":1,"href":"https:\/\/www.son.cz\/index.php?rest_route=\/wp\/v2\/posts\/885\/revisions"}],"predecessor-version":[{"id":887,"href":"https:\/\/www.son.cz\/index.php?rest_route=\/wp\/v2\/posts\/885\/revisions\/887"}],"wp:featuredmedia":[{"embeddable":true,"href":"https:\/\/www.son.cz\/index.php?rest_route=\/wp\/v2\/media\/886"}],"wp:attachment":[{"href":"https:\/\/www.son.cz\/index.php?rest_route=%2Fwp%2Fv2%2Fmedia&parent=885"}],"wp:term":[{"taxonomy":"category","embeddable":true,"href":"https:\/\/www.son.cz\/index.php?rest_route=%2Fwp%2Fv2%2Fcategories&post=885"},{"taxonomy":"post_tag","embeddable":true,"href":"https:\/\/www.son.cz\/index.php?rest_route=%2Fwp%2Fv2%2Ftags&post=885"}],"curies":[{"name":"wp","href":"https:\/\/api.w.org\/{rel}","templated":true}]}}