{"id":859,"date":"2023-03-06T11:40:46","date_gmt":"2023-03-06T11:40:46","guid":{"rendered":"https:\/\/www.son.cz\/?p=859"},"modified":"2023-03-06T11:49:12","modified_gmt":"2023-03-06T11:49:12","slug":"sledujte-nas-na-facebooku","status":"publish","type":"post","link":"https:\/\/www.son.cz\/?p=859","title":{"rendered":"<strong>Sledujte n\u00e1s na Facebooku!<\/strong>"},"content":{"rendered":"\n<p><strong>Za\u010dn\u011bte sledovat n\u00e1\u0161 facebookov\u00fd profil, budete tak informov\u00e1ni o aktu\u00e1ln\u00edch ud\u00e1lostech ve sv\u011bt\u011b bydlen\u00ed, zejm\u00e9na toho n\u00e1jemn\u00edho.<\/strong><\/p>\n\n\n\n<p>Budeme s\u00a0V\u00e1mi pravideln\u011b sd\u00edlet aktu\u00e1ln\u00ed t\u00e9mata, kter\u00fdmi se v\u00a0na\u0161ich region\u00e1ln\u00edch poradensk\u00fdch centrech zab\u00fdv\u00e1me, postupn\u011b V\u00e1m touto cestou zodpov\u00edme nej\u010dast\u011bj\u0161\u00ed dotazy t\u00fdkaj\u00edc\u00ed se n\u00e1jemn\u00edho i vlastnick\u00e9ho bydlen\u00ed. Zat\u00edm se pod\u00edvejte do na\u0161\u00ed \u201evideoporadny\u201c, zda jsme na V\u00e1\u0161 dotaz ji\u017e neodpov\u011bd\u011bli. Pokud je n\u011bjak\u00e9 t\u00e9ma, o kter\u00e9m byste r\u00e1di v\u011bd\u011bli v\u00edce, nev\u00e1hejte n\u00e1s kontaktovat na <a href=\"mailto:info@son.cz\">info@son.cz<\/a>.<\/p>\n\n\n\n<p><a href=\"https:\/\/www.facebook.com\/people\/Sdru%C5%BEen%C3%AD-n%C3%A1jemn%C3%ADk%C5%AF-%C4%8Cesk%C3%A9-republiky\/100086441061710\/\">Sdru\u017een\u00ed n\u00e1jemn\u00edk\u016f \u010cesk\u00e9 republiky | Facebook<\/a><\/p>\n","protected":false},"excerpt":{"rendered":"<p>Za\u010dn\u011bte sledovat n\u00e1\u0161 facebookov\u00fd profil, budete tak informov\u00e1ni o aktu\u00e1ln\u00edch ud\u00e1lostech ve sv\u011bt\u011b bydlen\u00ed, zejm\u00e9na toho n\u00e1jemn\u00edho.<br \/>\nBudeme s V\u00e1mi pravideln\u011b sd\u00edlet aktu\u00e1ln\u00ed t\u00e9mata, kter\u00fdmi se v na\u0161ich region\u00e1ln\u00edch poradensk\u00fdch centrech zab\u00fdv\u00e1me, postupn\u011b V\u00e1m touto cestou zodpov\u00edme nej\u010dast\u011bj\u0161\u00ed dotazy t\u00fdkaj\u00edc\u00ed se n\u00e1jemn\u00edho i vlastnick\u00e9ho bydlen\u00ed. Zat\u00edm se pod\u00edvejte do na\u0161\u00ed \u201evideoporadny\u201c, zda jsme na V\u00e1\u0161 dotaz ji\u017e neodpov\u011bd\u011bli. Pokud je n\u011bjak\u00e9 t\u00e9ma, o kter\u00e9m byste r\u00e1di v\u011bd\u011bli v\u00edce, nev\u00e1hejte n\u00e1s kontaktovat na info@son.cz.<\/p>\n","protected":false},"author":1,"featured_media":760,"comment_status":"open","ping_status":"open","sticky":false,"template":"","format":"standard","meta":{"_et_pb_use_builder":"off","_et_pb_old_content":"","_et_gb_content_width":"","inline_featured_image":false,"footnotes":""},"categories":[10],"tags":[],"class_list":["post-859","post","type-post","status-publish","format-standard","has-post-thumbnail","hentry","category-aktuality"],"_links":{"self":[{"href":"https:\/\/www.son.cz\/index.php?rest_route=\/wp\/v2\/posts\/859","targetHints":{"allow":["GET"]}}],"collection":[{"href":"https:\/\/www.son.cz\/index.php?rest_route=\/wp\/v2\/posts"}],"about":[{"href":"https:\/\/www.son.cz\/index.php?rest_route=\/wp\/v2\/types\/post"}],"author":[{"embeddable":true,"href":"https:\/\/www.son.cz\/index.php?rest_route=\/wp\/v2\/users\/1"}],"replies":[{"embeddable":true,"href":"https:\/\/www.son.cz\/index.php?rest_route=%2Fwp%2Fv2%2Fcomments&post=859"}],"version-history":[{"count":2,"href":"https:\/\/www.son.cz\/index.php?rest_route=\/wp\/v2\/posts\/859\/revisions"}],"predecessor-version":[{"id":861,"href":"https:\/\/www.son.cz\/index.php?rest_route=\/wp\/v2\/posts\/859\/revisions\/861"}],"wp:featuredmedia":[{"embeddable":true,"href":"https:\/\/www.son.cz\/index.php?rest_route=\/wp\/v2\/media\/760"}],"wp:attachment":[{"href":"https:\/\/www.son.cz\/index.php?rest_route=%2Fwp%2Fv2%2Fmedia&parent=859"}],"wp:term":[{"taxonomy":"category","embeddable":true,"href":"https:\/\/www.son.cz\/index.php?rest_route=%2Fwp%2Fv2%2Fcategories&post=859"},{"taxonomy":"post_tag","embeddable":true,"href":"https:\/\/www.son.cz\/index.php?rest_route=%2Fwp%2Fv2%2Ftags&post=859"}],"curies":[{"name":"wp","href":"https:\/\/api.w.org\/{rel}","templated":true}]}}