{"id":773,"date":"2023-01-11T11:16:33","date_gmt":"2023-01-11T11:16:33","guid":{"rendered":"https:\/\/www.son.cz\/?p=773"},"modified":"2023-01-11T11:32:35","modified_gmt":"2023-01-11T11:32:35","slug":"nova-zelena-usporam-light-financni-pomoc-na-zatepleni-domu-pro-seniory-a-domacnosti-s-nizsimi-prijmy","status":"publish","type":"post","link":"https:\/\/www.son.cz\/?p=773","title":{"rendered":"<strong>Nov\u00e1 zelen\u00e1 \u00faspor\u00e1m Light \u2013 finan\u010dn\u00ed pomoc na zateplen\u00ed domu pro seniory a dom\u00e1cnosti s\u00a0ni\u017e\u0161\u00edmi p\u0159\u00edjmy.<\/strong>"},"content":{"rendered":"\n<p><strong>V pond\u011bl\u00ed 9. ledna 2023 v 10.00 hodin se otev\u0159el p\u0159\u00edjem \u017e\u00e1dost\u00ed o dotace z dota\u010dn\u00edho programu Nov\u00e1 zelen\u00e1 \u00faspor\u00e1m Light.<\/strong><\/p>\n\n\n\n<p>Dotace na rychl\u00e9 renovace dom\u016f jsou ur\u010deny senior\u016fm a dom\u00e1cnostem pob\u00edraj\u00edc\u00edm p\u0159\u00edsp\u011bvek na bydlen\u00ed. Z\u00e1jemci si mohou po\u017e\u00e1dat&nbsp;<strong>a\u017e&nbsp;o&nbsp;150 tis\u00edc korun<\/strong>&nbsp;na zateplen\u00ed fas\u00e1dy, st\u0159echy, strop\u016f a podlah, na v\u00fdm\u011bnu oken a vchodov\u00fdch dve\u0159\u00ed. Finan\u010dn\u00ed prost\u0159edky mohou z\u00edskat z\u00e1lohov\u011b a na realizaci \u00fasporn\u00fdch opat\u0159en\u00ed pak maj\u00ed cel\u00fd rok. \u017d\u00e1dat lze i zp\u011btn\u011b na opat\u0159en\u00ed uskute\u010dn\u011bn\u00e1 po 12. z\u00e1\u0159\u00ed 2022.<\/p>\n\n\n\n<p>\u017d\u00e1dosti budou p\u0159ij\u00edm\u00e1ny elektronicky prost\u0159ednictv\u00edm&nbsp;<a href=\"https:\/\/zadosti.sfzp.cz\/AISPortal\/LW\/Views\/Core\/Detail?action=get&amp;id=365A80FE-A452-490B-9D9D-63161564A311&amp;idForm=a12b5f7e-bd75-4819-9030-6e87f4410f9f&amp;idbo=b6faa0e4-7fdf-413e-b134-ae1e3516fcb8\">Agendov\u00e9ho informa\u010dn\u00edho syst\u00e9mu St\u00e1tn\u00edho fondu \u017eivotn\u00edho prost\u0159ed\u00ed \u010cR<\/a>.<\/p>\n\n\n\n<p>Ka\u017ed\u00e9mu \u017eadateli je k&nbsp;dispozici&nbsp;<a href=\"https:\/\/novazelenausporam.cz\/poradenstvi-pro-nzu-light\/\">poradensk\u00e1 s\u00ed\u0165<\/a>&nbsp;M\u00edstn\u00edch ak\u010dn\u00edch skupin a konzulta\u010dn\u00edch st\u0159edisek EKIS, kter\u00e9 ho provedou cel\u00fdm procesem vy\u0159\u00edzen\u00ed dotace. Pro\u0161kolen\u00ed specialist\u00e9 pomohou s&nbsp;v\u00fdb\u011brem vhodn\u00fdch opat\u0159en\u00ed, s pod\u00e1n\u00edm \u017e\u00e1dosti i s&nbsp;dolo\u017een\u00edm realizace.<\/p>\n\n\n\n<p>V\u00edce informac\u00ed o dotac\u00edch z&nbsp;NZ\u00da light i o tom, komu jsou ur\u010deny, najdou z\u00e1jemci na str\u00e1nce&nbsp;<a href=\"https:\/\/novazelenausporam.cz\/nzu-light\/\">Nov\u00e1 zelen\u00e1 \u00faspor\u00e1m Light<\/a> &nbsp;<a href=\"https:\/\/novazelenausporam.cz\/nzu-light\/\">https:\/\/novazelenausporam.cz\/nzu-light\/<\/a><\/p>\n","protected":false},"excerpt":{"rendered":"<p>V pond\u011bl\u00ed 9. ledna 2023 v 10.00 hodin se otev\u0159el p\u0159\u00edjem \u017e\u00e1dost\u00ed o dotace z dota\u010dn\u00edho programu Nov\u00e1 zelen\u00e1 \u00faspor\u00e1m Light. Dotace na rychl\u00e9 renovace dom\u016f jsou ur\u010deny senior\u016fm a dom\u00e1cnostem pob\u00edraj\u00edc\u00edm p\u0159\u00edsp\u011bvek na bydlen\u00ed. Z\u00e1jemci si mohou po\u017e\u00e1dat&nbsp;a\u017e&nbsp;o&nbsp;150 tis\u00edc korun&nbsp;na zateplen\u00ed fas\u00e1dy, st\u0159echy, strop\u016f a podlah, na v\u00fdm\u011bnu oken a vchodov\u00fdch dve\u0159\u00ed. Finan\u010dn\u00ed prost\u0159edky [&hellip;]<\/p>\n","protected":false},"author":2,"featured_media":776,"comment_status":"open","ping_status":"open","sticky":false,"template":"","format":"standard","meta":{"_et_pb_use_builder":"off","_et_pb_old_content":"","_et_gb_content_width":"","inline_featured_image":false,"footnotes":""},"categories":[10],"tags":[],"class_list":["post-773","post","type-post","status-publish","format-standard","has-post-thumbnail","hentry","category-aktuality"],"_links":{"self":[{"href":"https:\/\/www.son.cz\/index.php?rest_route=\/wp\/v2\/posts\/773","targetHints":{"allow":["GET"]}}],"collection":[{"href":"https:\/\/www.son.cz\/index.php?rest_route=\/wp\/v2\/posts"}],"about":[{"href":"https:\/\/www.son.cz\/index.php?rest_route=\/wp\/v2\/types\/post"}],"author":[{"embeddable":true,"href":"https:\/\/www.son.cz\/index.php?rest_route=\/wp\/v2\/users\/2"}],"replies":[{"embeddable":true,"href":"https:\/\/www.son.cz\/index.php?rest_route=%2Fwp%2Fv2%2Fcomments&post=773"}],"version-history":[{"count":2,"href":"https:\/\/www.son.cz\/index.php?rest_route=\/wp\/v2\/posts\/773\/revisions"}],"predecessor-version":[{"id":777,"href":"https:\/\/www.son.cz\/index.php?rest_route=\/wp\/v2\/posts\/773\/revisions\/777"}],"wp:featuredmedia":[{"embeddable":true,"href":"https:\/\/www.son.cz\/index.php?rest_route=\/wp\/v2\/media\/776"}],"wp:attachment":[{"href":"https:\/\/www.son.cz\/index.php?rest_route=%2Fwp%2Fv2%2Fmedia&parent=773"}],"wp:term":[{"taxonomy":"category","embeddable":true,"href":"https:\/\/www.son.cz\/index.php?rest_route=%2Fwp%2Fv2%2Fcategories&post=773"},{"taxonomy":"post_tag","embeddable":true,"href":"https:\/\/www.son.cz\/index.php?rest_route=%2Fwp%2Fv2%2Ftags&post=773"}],"curies":[{"name":"wp","href":"https:\/\/api.w.org\/{rel}","templated":true}]}}