{"id":1235,"date":"2025-04-16T19:21:19","date_gmt":"2025-04-16T19:21:19","guid":{"rendered":"https:\/\/www.son.cz\/?p=1235"},"modified":"2025-04-16T19:21:20","modified_gmt":"2025-04-16T19:21:20","slug":"zakon-o-podpore-bydleni-prosel-snemovnou-a-miri-do-senatu","status":"publish","type":"post","link":"https:\/\/www.son.cz\/?p=1235","title":{"rendered":"Z\u00e1kon o podpo\u0159e bydlen\u00ed pro\u0161el Sn\u011bmovnou a m\u00ed\u0159\u00ed do Sen\u00e1tu."},"content":{"rendered":"\n<p>A\u017e na t\u0159et\u00ed pokus a po dev\u00edti m\u011bs\u00edc\u00edch schv\u00e1lili dnes poslanci z\u00e1kon o podpo\u0159e bydlen\u00ed. Jeho c\u00edlem je pomoci \u0159e\u0161it probl\u00e9m bydlen\u00ed pro zhruba 1,6 milionu osob ohro\u017een\u00fdch bytovou nouz\u00ed.<\/p>\n\n\n\n<p><strong><em>\u201eJsme r\u00e1di, \u017ee z\u00e1kon o podpo\u0159e bydlen\u00ed byl p\u0159ijat. Sou\u010dasn\u011b v\u00edt\u00e1me i dal\u0161\u00ed zm\u011bny t\u00fdkaj\u00edc\u00ed se zrychlen\u00ed vyklizen\u00ed osob, kter\u00e9 poru\u0161uj\u00ed z\u00e1kon nebo zm\u011bny&nbsp;u dru\u017estevn\u00edch byt\u016f. Velmi n\u00e1s ale mrz\u00ed, \u017ee Sn\u011bmovnou pro\u0161el pozm\u011b\u0148ovac\u00ed n\u00e1vrh na zaveden\u00ed mo\u017enosti doru\u010dov\u00e1n\u00ed v n\u00e1jemn\u00edch vztaz\u00edch prost\u0159ednictv\u00edm datov\u00fdch schr\u00e1nek. Z\u00e1kon te\u010f m\u00ed\u0159\u00ed do Sen\u00e1tu, kde zkus\u00edme je\u0161t\u011b \u201azabojovat\u2018 a pokus\u00edme se zm\u011bnu odvr\u00e1tit nebo alespo\u0148 odd\u00e1lit,\u201c <\/em><\/strong>\u0159\u00edk\u00e1 p\u0159edsedkyn\u011b Sdru\u017een\u00ed n\u00e1jemn\u00edk\u016f \u010cR Lenka Vesel\u00e1.<\/p>\n\n\n\n<p>Sdru\u017een\u00ed se d\u016frazn\u011b vymezuje proti t\u00e9 \u010d\u00e1sti novely, kter\u00e1 umo\u017e\u0148uje doru\u010dov\u00e1n\u00ed p\u00edsemnost\u00ed prost\u0159ednictv\u00edm datov\u00fdch schr\u00e1nek jako formy komunikace v n\u00e1jemn\u00edch vztaz\u00edch.<\/p>\n\n\n\n<p>\u201e<strong><em>Je to v rozporu se z\u00e1jmy n\u00e1jemc\u016f. Pozm\u011b\u0148ovac\u00ed n\u00e1vrh neodpov\u00edd\u00e1 aktu\u00e1ln\u00edm pot\u0159eb\u00e1m a re\u00e1ln\u00fdm schopnostem zraniteln\u00fdch skupin obyvatel \u2013 p\u0159edev\u0161\u00edm senior\u016f, osob se zdravotn\u00edm posti\u017een\u00edm, rodi\u010d\u016f samo\u017eivitel\u016f a dal\u0161\u00edch ob\u010dan\u016f. Mnoz\u00ed z nich nemaj\u00ed dostate\u010dn\u00e9 digit\u00e1ln\u00ed dovednosti ani p\u0159\u00edstup k pot\u0159ebn\u00e9 technice. Bari\u00e9ry pro p\u0159\u00edstup k bydlen\u00ed jsou ji\u017e nyn\u00ed pro mnoho ob\u010dan\u016f t\u00e9m\u011b\u0159 nep\u0159ekro\u010diteln\u00e9 a tento zp\u016fsob komunikace je je\u0161t\u011b v\u00edce prohloub\u00ed,\u201c <\/em><\/strong>dod\u00e1v\u00e1 Lenka Vesel\u00e1.<\/p>\n\n\n\n<p>Podle Sdru\u017een\u00ed n\u00e1jemn\u00edk\u016f by m\u011blo b\u00fdt t\u00e9ma datov\u00fdch schr\u00e1nek odlo\u017eeno do doby, ne\u017e digitalizace st\u00e1tn\u00ed spr\u00e1vy dos\u00e1hne takov\u00e9 \u00farovn\u011b, aby byla snadno dostupn\u00e1, u\u017eivatelsky p\u0159\u00edv\u011btiv\u00e1 a funk\u010dn\u00ed pro v\u0161echny skupiny obyvatel.<\/p>\n","protected":false},"excerpt":{"rendered":"<p>A\u017e na t\u0159et\u00ed pokus a po dev\u00edti m\u011bs\u00edc\u00edch schv\u00e1lili dnes poslanci z\u00e1kon o podpo\u0159e bydlen\u00ed. Jeho c\u00edlem je pomoci \u0159e\u0161it probl\u00e9m bydlen\u00ed pro zhruba 1,6 milionu osob ohro\u017een\u00fdch bytovou nouz\u00ed. \u201eJsme r\u00e1di, \u017ee z\u00e1kon o podpo\u0159e bydlen\u00ed byl p\u0159ijat. Sou\u010dasn\u011b v\u00edt\u00e1me i dal\u0161\u00ed zm\u011bny t\u00fdkaj\u00edc\u00ed se zrychlen\u00ed vyklizen\u00ed osob, kter\u00e9 poru\u0161uj\u00ed z\u00e1kon nebo zm\u011bny&nbsp;u dru\u017estevn\u00edch [&hellip;]<\/p>\n","protected":false},"author":5,"featured_media":1236,"comment_status":"open","ping_status":"open","sticky":false,"template":"","format":"standard","meta":{"_et_pb_use_builder":"off","_et_pb_old_content":"","_et_gb_content_width":"","inline_featured_image":false,"footnotes":""},"categories":[10],"tags":[],"class_list":["post-1235","post","type-post","status-publish","format-standard","has-post-thumbnail","hentry","category-aktuality"],"_links":{"self":[{"href":"https:\/\/www.son.cz\/index.php?rest_route=\/wp\/v2\/posts\/1235","targetHints":{"allow":["GET"]}}],"collection":[{"href":"https:\/\/www.son.cz\/index.php?rest_route=\/wp\/v2\/posts"}],"about":[{"href":"https:\/\/www.son.cz\/index.php?rest_route=\/wp\/v2\/types\/post"}],"author":[{"embeddable":true,"href":"https:\/\/www.son.cz\/index.php?rest_route=\/wp\/v2\/users\/5"}],"replies":[{"embeddable":true,"href":"https:\/\/www.son.cz\/index.php?rest_route=%2Fwp%2Fv2%2Fcomments&post=1235"}],"version-history":[{"count":1,"href":"https:\/\/www.son.cz\/index.php?rest_route=\/wp\/v2\/posts\/1235\/revisions"}],"predecessor-version":[{"id":1237,"href":"https:\/\/www.son.cz\/index.php?rest_route=\/wp\/v2\/posts\/1235\/revisions\/1237"}],"wp:featuredmedia":[{"embeddable":true,"href":"https:\/\/www.son.cz\/index.php?rest_route=\/wp\/v2\/media\/1236"}],"wp:attachment":[{"href":"https:\/\/www.son.cz\/index.php?rest_route=%2Fwp%2Fv2%2Fmedia&parent=1235"}],"wp:term":[{"taxonomy":"category","embeddable":true,"href":"https:\/\/www.son.cz\/index.php?rest_route=%2Fwp%2Fv2%2Fcategories&post=1235"},{"taxonomy":"post_tag","embeddable":true,"href":"https:\/\/www.son.cz\/index.php?rest_route=%2Fwp%2Fv2%2Ftags&post=1235"}],"curies":[{"name":"wp","href":"https:\/\/api.w.org\/{rel}","templated":true}]}}