{"id":1213,"date":"2025-03-21T09:45:25","date_gmt":"2025-03-21T09:45:25","guid":{"rendered":"https:\/\/www.son.cz\/?p=1213"},"modified":"2025-03-21T09:58:54","modified_gmt":"2025-03-21T09:58:54","slug":"reseni-evropske-bytove-krize-je-na-programu-konference-v-evropskem-parlamentu","status":"publish","type":"post","link":"https:\/\/www.son.cz\/?p=1213","title":{"rendered":"\u0158e\u0161en\u00ed evropsk\u00e9 bytov\u00e9 krize je na programu konference v Evropsk\u00e9m parlamentu"},"content":{"rendered":"\n<p>Za\u010d\u00e1tkem komplexn\u00edho a na d\u016fkazech zalo\u017een\u00e9ho konzulta\u010dn\u00edho p\u0159\u00edstupu k politice dostupn\u00e9ho bydlen\u00ed se stane <strong>konference<\/strong>, kter\u00e1 se bude konat <strong>24. b\u0159ezna v budov\u011b Evropsk\u00e9ho parlamentu v Bruselu<\/strong>. C\u00edlem je zajistit inkluzivn\u00ed zapojen\u00ed v\u0161ech relevantn\u00edch zainteresovan\u00fdch stran a \u00farovn\u00ed spr\u00e1vy, co\u017e povede k dokon\u010den\u00ed Evropsk\u00e9ho pl\u00e1nu dostupn\u00e9ho bydlen\u00ed na za\u010d\u00e1tku p\u0159\u00ed\u0161t\u00edho roku. Na konferenci vystoup\u00ed i <strong>Marie Linder, prezidentka Mezin\u00e1rodn\u00ed unie n\u00e1jemn\u00edk\u016f (IUT)<\/strong>, v jeho\u017e v\u00fdkonn\u00e9m v\u00fdboru je i <strong>z\u00e1stupce Sdru\u017een\u00ed n\u00e1jemn\u00edk\u016f \u010cR jako jedin\u00fd ze zem\u00ed st\u0159edn\u00ed a v\u00fdchodn\u00ed Evropy<\/strong>, je\u017e jsou \u010dleny EU.<\/p>\n\n\n\n<p>Kl\u00ed\u010dov\u00fdmi ot\u00e1zkami, kter\u00e9 prezidentka IUT otev\u0159e, bude finan\u010dn\u00ed spekulace v bydlen\u00ed, neutr\u00e1ln\u00ed n\u00e1klady a zaveden\u00ed minim\u00e1ln\u00ed 30% kv\u00f3ty pro soci\u00e1ln\u00ed, ve\u0159ejn\u00e9 a dostupn\u00e9 bydlen\u00ed. IUT bude na konferenci d\u016frazn\u011b h\u00e1jit z\u00e1jmy n\u00e1jemn\u00edk\u016f, proto\u017ee pr\u00e1v\u011b oni pat\u0159\u00ed v prob\u00edhaj\u00edc\u00ed bytov\u00e9 krizi v Evropsk\u00e9 unii mezi nejv\u00edce zasa\u017een\u00e9.<\/p>\n\n\n\n<p>Konference, kterou spole\u010dn\u011b organizuj\u00ed Evropsk\u00e1 komise a Evropsk\u00fd parlament, <strong>za\u010d\u00edn\u00e1 v 15 hodin<\/strong>, bude <strong>\u017eiv\u011b<\/strong> p\u0159en\u00e1\u0161ena <strong>online<\/strong> a sledovat ji m\u016f\u017eete <a href=\"https:\/\/energy.ec.europa.eu\/events\/conference-affordable-housing-addressing-european-housing-crisis-2025-03-24_en\"><strong>zde<\/strong><\/a>.<\/p>\n","protected":false},"excerpt":{"rendered":"<p>Za\u010d\u00e1tkem komplexn\u00edho a na d\u016fkazech zalo\u017een\u00e9ho konzulta\u010dn\u00edho p\u0159\u00edstupu k politice dostupn\u00e9ho bydlen\u00ed se stane konference, kter\u00e1 se bude konat 24. b\u0159ezna v budov\u011b Evropsk\u00e9ho parlamentu v Bruselu. C\u00edlem je zajistit inkluzivn\u00ed zapojen\u00ed v\u0161ech relevantn\u00edch zainteresovan\u00fdch stran a \u00farovn\u00ed spr\u00e1vy, co\u017e povede k dokon\u010den\u00ed Evropsk\u00e9ho pl\u00e1nu dostupn\u00e9ho bydlen\u00ed na za\u010d\u00e1tku p\u0159\u00ed\u0161t\u00edho roku. Na konferenci vystoup\u00ed i [&hellip;]<\/p>\n","protected":false},"author":5,"featured_media":1220,"comment_status":"open","ping_status":"open","sticky":false,"template":"","format":"standard","meta":{"_et_pb_use_builder":"off","_et_pb_old_content":"","_et_gb_content_width":"","inline_featured_image":false,"footnotes":""},"categories":[10],"tags":[],"class_list":["post-1213","post","type-post","status-publish","format-standard","has-post-thumbnail","hentry","category-aktuality"],"_links":{"self":[{"href":"https:\/\/www.son.cz\/index.php?rest_route=\/wp\/v2\/posts\/1213","targetHints":{"allow":["GET"]}}],"collection":[{"href":"https:\/\/www.son.cz\/index.php?rest_route=\/wp\/v2\/posts"}],"about":[{"href":"https:\/\/www.son.cz\/index.php?rest_route=\/wp\/v2\/types\/post"}],"author":[{"embeddable":true,"href":"https:\/\/www.son.cz\/index.php?rest_route=\/wp\/v2\/users\/5"}],"replies":[{"embeddable":true,"href":"https:\/\/www.son.cz\/index.php?rest_route=%2Fwp%2Fv2%2Fcomments&post=1213"}],"version-history":[{"count":3,"href":"https:\/\/www.son.cz\/index.php?rest_route=\/wp\/v2\/posts\/1213\/revisions"}],"predecessor-version":[{"id":1216,"href":"https:\/\/www.son.cz\/index.php?rest_route=\/wp\/v2\/posts\/1213\/revisions\/1216"}],"wp:featuredmedia":[{"embeddable":true,"href":"https:\/\/www.son.cz\/index.php?rest_route=\/wp\/v2\/media\/1220"}],"wp:attachment":[{"href":"https:\/\/www.son.cz\/index.php?rest_route=%2Fwp%2Fv2%2Fmedia&parent=1213"}],"wp:term":[{"taxonomy":"category","embeddable":true,"href":"https:\/\/www.son.cz\/index.php?rest_route=%2Fwp%2Fv2%2Fcategories&post=1213"},{"taxonomy":"post_tag","embeddable":true,"href":"https:\/\/www.son.cz\/index.php?rest_route=%2Fwp%2Fv2%2Ftags&post=1213"}],"curies":[{"name":"wp","href":"https:\/\/api.w.org\/{rel}","templated":true}]}}