{"id":1105,"date":"2024-10-06T10:13:54","date_gmt":"2024-10-06T10:13:54","guid":{"rendered":"https:\/\/www.son.cz\/?p=1105"},"modified":"2024-10-06T10:15:11","modified_gmt":"2024-10-06T10:15:11","slug":"mezinarodni-den-najemniku-spolecne-za-prava-a-dostupne-bydleni-%f0%9f%8f%a1","status":"publish","type":"post","link":"https:\/\/www.son.cz\/?p=1105","title":{"rendered":"Mezin\u00e1rodn\u00ed den n\u00e1jemn\u00edk\u016f \u2013 Spole\u010dn\u011b za pr\u00e1va a dostupn\u00e9 bydlen\u00ed! \ud83c\udfe1"},"content":{"rendered":"\n<p><strong>Dne 7. \u0159\u00edjna, slav\u00edme Mezin\u00e1rodn\u00ed den n\u00e1jemn\u00edk\u016f, den v\u011bnovan\u00fd v\u0161em, kte\u0159\u00ed si sv\u016fj domov pronaj\u00edmaj\u00ed. Tento den n\u00e1m p\u0159ipom\u00edn\u00e1, \u017ee bydlen\u00ed nen\u00ed jen ot\u00e1zkou volby, ale z\u00e1kladn\u00edm pr\u00e1vem ka\u017ed\u00e9ho \u010dlov\u011bka.<\/strong><\/p>\n\n\n\n<p>Ka\u017ed\u00fd rok \u010del\u00ed miliony n\u00e1jemn\u00edk\u016f po cel\u00e9m sv\u011bt\u011b r\u016fzn\u00fdm v\u00fdzv\u00e1m \u2013 od nedostupn\u00fdch n\u00e1jm\u016f, p\u0159es nejistotu bydlen\u00ed, a\u017e po zhor\u0161en\u00e9 podm\u00ednky nebo neochotu pronaj\u00edmatel\u016f \u0159e\u0161it probl\u00e9my. Proto je d\u016fle\u017eit\u00e9, abychom st\u00e1li p\u0159i sob\u011b a spole\u010dn\u011b bojovali za d\u016fstojn\u00e9 a f\u00e9rov\u00e9 podm\u00ednky bydlen\u00ed. <\/p>\n\n\n\n<p>Nejenom tento den chceme zd\u016fraznit v\u00fdznam ochrany pr\u00e1v n\u00e1jemc\u016f, pos\u00edlen\u00ed dialogu mezi n\u00e1jemci a pronaj\u00edmateli a nutnost hledat \u0159e\u0161en\u00ed pro st\u00e1le rostouc\u00ed ceny n\u00e1jemn\u00e9ho. Pokud si mysl\u00edte, \u017ee Va\u0161e pr\u00e1va nejsou respektov\u00e1na, nebo se pot\u00fdk\u00e1te s probl\u00e9my v oblasti bydlen\u00ed, nev\u00e1hejte se obr\u00e1tit na na\u0161i organizaci. Jsme tu, abychom v\u00e1m pomohli! Sdru\u017een\u00ed n\u00e1jemn\u00edk\u016f \u010cR dlouhodob\u011b zaji\u0161\u0165uje poradenstv\u00ed a osv\u011btu v oblasti n\u00e1jemn\u00edho bydlen\u00ed za v\u00fdznamn\u00e9 podpory resortn\u00edho ministerstva a dal\u0161\u00edch partner\u016f.<\/p>\n\n\n\n<p>Mezin\u00e1rodn\u00ed den n\u00e1jemn\u00edk\u016f vznikl v roce 1986, kdy francouzsk\u00e1 organizace n\u00e1jemn\u00edk\u016f CNL navrhla zvl\u00e1\u0161tn\u00ed sv\u011btov\u00fd den n\u00e1jemn\u00edk\u016f. P\u0159edstavenstvo Mezin\u00e1rodn\u00ed unie n\u00e1jemn\u00edk\u016f (IUT) s t\u00edm souhlasilo a rozhodlo, \u017ee prvn\u00ed pond\u011bl\u00ed v \u0159\u00edjnu bude Mezin\u00e1rodn\u00edm dnem n\u00e1jemn\u00edk\u016f. Tento den je tak\u00e9 v souladu s rezoluc\u00ed Valn\u00e9ho shrom\u00e1\u017ed\u011bn\u00ed OSN, kter\u00e1 vyhla\u0161uje prvn\u00ed pond\u011bl\u00ed v \u0159\u00edjnu za Sv\u011btov\u00fd den n\u00e1jemn\u00edk\u016f.<\/p>\n\n\n\n<p>Letos, 7. \u0159\u00edjna, oslav\u00edme Mezin\u00e1rodn\u00ed den n\u00e1jemn\u00edk\u016f s d\u016frazem na t\u00e9ma:&nbsp;<strong>Posilov\u00e1n\u00ed demokracie a pr\u00e1v na bydlen\u00ed: \u017divotn\u011b d\u016fle\u017eit\u00e1 role organizac\u00ed n\u00e1jemn\u00edk\u016f.<\/strong>&nbsp;Jak uvedla Marie Linder, p\u0159edsedkyn\u011b IUT: \u201eRok 2024 je supervolebn\u00edm rokem. P\u0159ibli\u017en\u011b 49 % lid\u00ed na sv\u011bt\u011b se m\u00e1 z\u00fa\u010dastnit n\u00e1rodn\u00edch, pota\u017emo evropsk\u00fdch voleb. V t\u011bchto volb\u00e1ch je nezbytn\u00e9, aby hlasy n\u00e1jemn\u00edk\u016f byly vysly\u0161eny, jejich pr\u00e1va chr\u00e1n\u011bna a jejich komunity pos\u00edleny prost\u0159ednictv\u00edm kolektivn\u00edch akc\u00ed a advokacie.\u201c<\/p>\n\n\n\n<p>V m\u011bstsk\u00fdch aglomerac\u00edch \u017eije v n\u00e1jemn\u00edch bytech \u010dasto v\u00edce ne\u017e polovina obyvatel, proto\u017ee n\u00e1jemn\u00ed bydlen\u00ed zaji\u0161\u0165uje pracovn\u00ed mobilitu a je kl\u00ed\u010dov\u00e9 pro zabezpe\u010den\u00ed pr\u00e1va na dostupn\u00e9 p\u0159im\u011b\u0159en\u00e9 bydlen\u00ed, jak to garantuj\u00ed mezin\u00e1rodn\u00ed \u00famluvy.<\/p>\n","protected":false},"excerpt":{"rendered":"<p>Dne 7. \u0159\u00edjna, slav\u00edme Mezin\u00e1rodn\u00ed den n\u00e1jemn\u00edk\u016f, den v\u011bnovan\u00fd v\u0161em, kte\u0159\u00ed si sv\u016fj domov pronaj\u00edmaj\u00ed. Tento den n\u00e1m p\u0159ipom\u00edn\u00e1, \u017ee bydlen\u00ed nen\u00ed jen ot\u00e1zkou volby, ale z\u00e1kladn\u00edm pr\u00e1vem ka\u017ed\u00e9ho \u010dlov\u011bka. Ka\u017ed\u00fd rok \u010del\u00ed miliony n\u00e1jemn\u00edk\u016f po cel\u00e9m sv\u011bt\u011b r\u016fzn\u00fdm v\u00fdzv\u00e1m \u2013 od nedostupn\u00fdch n\u00e1jm\u016f, p\u0159es nejistotu bydlen\u00ed, a\u017e po zhor\u0161en\u00e9 podm\u00ednky nebo neochotu pronaj\u00edmatel\u016f \u0159e\u0161it [&hellip;]<\/p>\n","protected":false},"author":1,"featured_media":1106,"comment_status":"open","ping_status":"open","sticky":false,"template":"","format":"standard","meta":{"_et_pb_use_builder":"off","_et_pb_old_content":"","_et_gb_content_width":"","inline_featured_image":false,"footnotes":""},"categories":[10],"tags":[],"class_list":["post-1105","post","type-post","status-publish","format-standard","has-post-thumbnail","hentry","category-aktuality"],"_links":{"self":[{"href":"https:\/\/www.son.cz\/index.php?rest_route=\/wp\/v2\/posts\/1105","targetHints":{"allow":["GET"]}}],"collection":[{"href":"https:\/\/www.son.cz\/index.php?rest_route=\/wp\/v2\/posts"}],"about":[{"href":"https:\/\/www.son.cz\/index.php?rest_route=\/wp\/v2\/types\/post"}],"author":[{"embeddable":true,"href":"https:\/\/www.son.cz\/index.php?rest_route=\/wp\/v2\/users\/1"}],"replies":[{"embeddable":true,"href":"https:\/\/www.son.cz\/index.php?rest_route=%2Fwp%2Fv2%2Fcomments&post=1105"}],"version-history":[{"count":1,"href":"https:\/\/www.son.cz\/index.php?rest_route=\/wp\/v2\/posts\/1105\/revisions"}],"predecessor-version":[{"id":1107,"href":"https:\/\/www.son.cz\/index.php?rest_route=\/wp\/v2\/posts\/1105\/revisions\/1107"}],"wp:featuredmedia":[{"embeddable":true,"href":"https:\/\/www.son.cz\/index.php?rest_route=\/wp\/v2\/media\/1106"}],"wp:attachment":[{"href":"https:\/\/www.son.cz\/index.php?rest_route=%2Fwp%2Fv2%2Fmedia&parent=1105"}],"wp:term":[{"taxonomy":"category","embeddable":true,"href":"https:\/\/www.son.cz\/index.php?rest_route=%2Fwp%2Fv2%2Fcategories&post=1105"},{"taxonomy":"post_tag","embeddable":true,"href":"https:\/\/www.son.cz\/index.php?rest_route=%2Fwp%2Fv2%2Ftags&post=1105"}],"curies":[{"name":"wp","href":"https:\/\/api.w.org\/{rel}","templated":true}]}}