{"id":1051,"date":"2024-01-03T15:02:36","date_gmt":"2024-01-03T15:02:36","guid":{"rendered":"https:\/\/www.son.cz\/?p=1051"},"modified":"2024-01-04T09:02:09","modified_gmt":"2024-01-04T09:02:09","slug":"od-1-1-2024-doslo-ke-zmene-u-prispevku-na-bydleni","status":"publish","type":"post","link":"https:\/\/www.son.cz\/?p=1051","title":{"rendered":"Od 1. 1. 2024 do\u0161lo ke zm\u011bn\u011b u p\u0159\u00edsp\u011bvku na bydlen\u00ed"},"content":{"rendered":"\n<p><strong>Skon\u010dilo nav\u00fd\u0161en\u00ed normativn\u00edch n\u00e1klad\u016f, kter\u00e9 vl\u00e1da schv\u00e1lila pro rok 2022 a 2023 v souvislosti s n\u00e1r\u016fstem cen energi\u00ed a pro v\u00fdpo\u010det p\u0159\u00edsp\u011bvku na bydlen\u00ed v roce 2024 tedy plat\u00ed nov\u00e9 (sn\u00ed\u017een\u00e9) tabulky normativn\u00edch n\u00e1klad\u016f. V\u00fdpo\u010det p\u0159\u00edsp\u011bvku na bydlen\u00ed se d\u00e1le odv\u00edj\u00ed od p\u0159\u00edjm\u016f a skute\u010dn\u00fdch n\u00e1klad\u016f na bydlen\u00ed. D\u016fle\u017eit\u00fdm faktorem pro posouzen\u00ed n\u00e1roku na d\u00e1vku je po\u010det \u010dlen\u016f \u017eij\u00edc\u00edch ve spole\u010dn\u00e9 dom\u00e1cnosti \u017eadatele, velikost obce \u010di forma bydlen\u00ed. Sn\u00ed\u017een\u00ed normativn\u00edch n\u00e1klad\u016f na bydlen\u00ed m\u016f\u017ee ve v\u00fdsledku znamenat, \u017ee pro n\u011bkter\u00e9 dom\u00e1cnosti se p\u0159\u00edsp\u011bvek na bydlen\u00ed sn\u00ed\u017e\u00ed, n\u011bkter\u00e9 dom\u00e1cnosti ji\u017e n\u00e1rok na d\u00e1vku m\u00edt nebudou v\u016fbec.<\/strong><\/p>\n\n\n\n<p>\u017dadatel\u00e9 a p\u0159\u00edjemci p\u0159\u00edsp\u011bvku nov\u011b nebudou muset \u00fa\u0159adu pr\u00e1ce dokl\u00e1dat sv\u00e9 n\u00e1klady na energie; se souhlasem \u017eadatele (p\u0159\u00edjemce) si \u00fa\u0159edn\u00edci od dodavatel\u016f energi\u00ed zjist\u00ed \u00fadaje sami. Od \u010dervence 2023 ji\u017e funguje podobn\u011b u z\u00edsk\u00e1v\u00e1n\u00ed informac\u00ed o p\u0159\u00edjmu \u2013 bu\u010f jej m\u016f\u017ee \u017eadatel dolo\u017eit s\u00e1m anebo d\u00e1t souhlas, aby si je \u00daP zjistil od zam\u011bstnavatele.<\/p>\n\n\n\n<p>I nad\u00e1le je mo\u017en\u00e9 pob\u00edrat p\u0159\u00edsp\u011bvek, pokud \u017eadatel \u017eije ve zkolaudovan\u00e9m rekrea\u010dn\u00edm objektu, kde m\u00e1 trval\u00fd pobyt.<\/p>\n\n\n\n<p>Od prosince 2023 MPSV spustilo mo\u017enost \u017e\u00e1dat o p\u0159\u00edsp\u011bvek na bydlen\u00ed v klientsk\u00e9 z\u00f3n\u011b JENDA <a href=\"https:\/\/www.mpsv.cz\/web\/cz\/prispevek-na-bydleni\">https:\/\/www.mpsv.cz\/web\/cz\/prispevek-na-bydleni<\/a><\/p>\n\n\n\n<p>Ve\u0161ker\u00e9 informace o p\u0159\u00edsp\u011bvku na bydlen\u00ed lze nal\u00e9zt na webov\u00e9m port\u00e1lu \u00da\u0159adu pr\u00e1ce \u010cR <a href=\"https:\/\/www.uradprace.cz\/web\/cz\/prispevek-na-bydleni1\">https:\/\/www.uradprace.cz\/web\/cz\/prispevek-na-bydleni1<\/a><\/p>\n","protected":false},"excerpt":{"rendered":"<p>Skon\u010dilo nav\u00fd\u0161en\u00ed normativn\u00edch n\u00e1klad\u016f, kter\u00e9 vl\u00e1da schv\u00e1lila pro rok 2022 a 2023 v souvislosti s n\u00e1r\u016fstem cen energi\u00ed a pro v\u00fdpo\u010det p\u0159\u00edsp\u011bvku na bydlen\u00ed v roce 2024 tedy plat\u00ed nov\u00e9 (sn\u00ed\u017een\u00e9) tabulky normativn\u00edch n\u00e1klad\u016f. V\u00fdpo\u010det p\u0159\u00edsp\u011bvku na bydlen\u00ed se d\u00e1le odv\u00edj\u00ed od p\u0159\u00edjm\u016f a skute\u010dn\u00fdch n\u00e1klad\u016f na bydlen\u00ed. D\u016fle\u017eit\u00fdm faktorem pro posouzen\u00ed n\u00e1roku na d\u00e1vku [&hellip;]<\/p>\n","protected":false},"author":1,"featured_media":1053,"comment_status":"open","ping_status":"open","sticky":false,"template":"","format":"standard","meta":{"_et_pb_use_builder":"off","_et_pb_old_content":"","_et_gb_content_width":"","inline_featured_image":false,"footnotes":""},"categories":[10],"tags":[],"class_list":["post-1051","post","type-post","status-publish","format-standard","has-post-thumbnail","hentry","category-aktuality"],"_links":{"self":[{"href":"https:\/\/www.son.cz\/index.php?rest_route=\/wp\/v2\/posts\/1051","targetHints":{"allow":["GET"]}}],"collection":[{"href":"https:\/\/www.son.cz\/index.php?rest_route=\/wp\/v2\/posts"}],"about":[{"href":"https:\/\/www.son.cz\/index.php?rest_route=\/wp\/v2\/types\/post"}],"author":[{"embeddable":true,"href":"https:\/\/www.son.cz\/index.php?rest_route=\/wp\/v2\/users\/1"}],"replies":[{"embeddable":true,"href":"https:\/\/www.son.cz\/index.php?rest_route=%2Fwp%2Fv2%2Fcomments&post=1051"}],"version-history":[{"count":1,"href":"https:\/\/www.son.cz\/index.php?rest_route=\/wp\/v2\/posts\/1051\/revisions"}],"predecessor-version":[{"id":1052,"href":"https:\/\/www.son.cz\/index.php?rest_route=\/wp\/v2\/posts\/1051\/revisions\/1052"}],"wp:featuredmedia":[{"embeddable":true,"href":"https:\/\/www.son.cz\/index.php?rest_route=\/wp\/v2\/media\/1053"}],"wp:attachment":[{"href":"https:\/\/www.son.cz\/index.php?rest_route=%2Fwp%2Fv2%2Fmedia&parent=1051"}],"wp:term":[{"taxonomy":"category","embeddable":true,"href":"https:\/\/www.son.cz\/index.php?rest_route=%2Fwp%2Fv2%2Fcategories&post=1051"},{"taxonomy":"post_tag","embeddable":true,"href":"https:\/\/www.son.cz\/index.php?rest_route=%2Fwp%2Fv2%2Ftags&post=1051"}],"curies":[{"name":"wp","href":"https:\/\/api.w.org\/{rel}","templated":true}]}}